{"id":2460,"date":"2022-04-13T10:31:25","date_gmt":"2022-04-13T13:31:25","guid":{"rendered":"https:\/\/brandt.ind.br\/?p=2460"},"modified":"2022-05-04T11:35:41","modified_gmt":"2022-05-04T14:35:41","slug":"por-que-e-importante-renovar-o-ar","status":"publish","type":"post","link":"https:\/\/brandt.ind.br\/es\/por-que-e-importante-renovar-o-ar\/","title":{"rendered":"Por que \u00e9 importante renovar o ar?"},"content":{"rendered":"<p>S\u00e3o muitos os fatores que interferem no bom andamento das atividades dentro da ind\u00fastria, sendo a qualidade do ar um dos mais importantes. Contar com um <a href=\"https:\/\/brandt.ind.br\/es\/produtos\/linha-exaustao\/\">sistema de ventila\u00e7\u00e3o<\/a> eficiente e personalizado, al\u00e9m de renovar o ar nesses ambientes, tamb\u00e9m contribui diretamente para uma maior produtividade e lucratividade do neg\u00f3cio.<\/p>\n<p>Aliado a esses fatores, tamb\u00e9m \u00e9 necess\u00e1rio que a empresa se adeque \u00e0s normas regulamentadoras e as legisla\u00e7\u00f5es pertinentes ao ambiente de trabalho e \u00e0 qualidade de vida de todos os colaboradores que atuam nesse espa\u00e7o. Renovar o ar \u00e9 necess\u00e1rio para garantir:<\/p>\n<p>Uma maior produtividade;<br \/>\nMelhoria da qualidade de vida dos trabalhadores;<br \/>\nPreven\u00e7\u00e3o de acidentes;<br \/>\nControle da temperatura ambiente para dentro dos padr\u00f5es IBUTG;<br \/>\nEntre outros benef\u00edcios.<\/p>\n<h2>O sistema de renova\u00e7\u00e3o de ar<\/h2>\n<p>Em ambientes abertos, a troca do ar acontece de forma natural, sem que seja preciso nenhum tipo de interfer\u00eancia externa. Contudo, em ambientes fechados se faz necess\u00e1rio implementar um sistema eficiente para renovar o ar e garantir que o ar contaminado seja removido e substitu\u00eddo por um de melhor qualidade.<\/p>\n<p>Al\u00e9m dos problemas relacionados \u00e0s altas temperaturas dentro do ambiente industrial, a n\u00e3o-circula\u00e7\u00e3o do ar faz com que os poluentes se concentrem, colocando em risco a sa\u00fade de todos os trabalhadores e causando um grande impacto no meio ambiente.<\/p>\n<p>Muitos trabalhadores industriais acabam desenvolvendo doen\u00e7as respirat\u00f3rias, como asma, rinite e bronquite. Em casos mais graves, onde s\u00e3o inalados produtos t\u00f3xicos, o trabalhador pode desenvolver c\u00e2ncer. Por esse motivo, as normas estabelecem um n\u00edvel m\u00e1ximo toler\u00e1vel de concentra\u00e7\u00e3o de t\u00f3xicos no ambiente industrial, fazendo com que renovar o ar deixe de ser uma op\u00e7\u00e3o, para se tornar essencial.<\/p>\n<p>Para garantir a seguran\u00e7a, existe um c\u00e1lculo para o \u00edndice de polui\u00e7\u00e3o, que \u00e9 obtido atrav\u00e9s da seguinte f\u00f3rmula: T = Q\/V. Nesse caso, Q = vaz\u00e3o em metros c\u00fabicos, V = volume em metros c\u00fabicos e T = taxa de renova\u00e7\u00e3o do ar.<\/p>\n<p>Atrav\u00e9s desse c\u00e1lculo, \u00e9 poss\u00edvel reduzir a concentra\u00e7\u00e3o de CO2 nos ambientes com climatiza\u00e7\u00e3o artificial e proporcionar a renova\u00e7\u00e3o do ar. Al\u00e9m dos agentes poluentes e compostos t\u00f3xicos, \u00e9 importante lembrar que, em um ambiente ocupado por muitas pessoas tem um alto n\u00edvel de CO2, n\u00edvel esse que deve ser reduzido a padr\u00f5es adequados.<\/p>\n<p>O tempo correto para a renova\u00e7\u00e3o total do ar vai depender do tamanho do ambiente, dos agentes poluentes e da quantidade de trabalhadores que convivem nesse espa\u00e7o. Por essa raz\u00e3o, \u00e9 imprescind\u00edvel contar com uma empresa especialista capaz de avaliar a ind\u00fastria e determinar um projeto personalizado para renovar o ar desse ambiente. Dessa forma, a sua empresa vai contar com profissionais especialistas que ir\u00e3o entregar um projeto eficiente e voltado para as necessidades da sua empresa.<\/p>\n<p>Al\u00e9m disso, dependendo das atividades exercidas pela empresa, tamb\u00e9m pode ser necess\u00e1rio contar com um sistema de <a href=\"https:\/\/brandt.ind.br\/es\/os-perigos-da-poeira-em-ambientes-industriais-e-como-resolver-esse-problema\/\">despoeiramento<\/a> para a remo\u00e7\u00e3o de<a href=\"https:\/\/brandt.ind.br\/es\/ciclones-industriais-e-a-eliminacao-de-particulas-solidas-do-ar\/\"> part\u00edculas<\/a> do ar diretamente da fonte.<\/p>","protected":false},"excerpt":{"rendered":"<p>S\u00e3o muitos os fatores que interferem no bom andamento das atividades dentro da ind\u00fastria, sendo a qualidade do ar um dos mais importantes. Contar com um sistema de ventila\u00e7\u00e3o eficiente e personalizado, al\u00e9m de renovar o ar nesses ambientes, tamb\u00e9m contribui diretamente para uma maior produtividade e lucratividade do neg\u00f3cio. Aliado a esses fatores, tamb\u00e9m [&hellip;]<\/p>","protected":false},"author":1,"featured_media":2461,"comment_status":"open","ping_status":"open","sticky":false,"template":"","format":"standard","meta":{"_joinchat":[],"footnotes":""},"categories":[1],"tags":[],"_links":{"self":[{"href":"https:\/\/brandt.ind.br\/es\/wp-json\/wp\/v2\/posts\/2460"}],"collection":[{"href":"https:\/\/brandt.ind.br\/es\/wp-json\/wp\/v2\/posts"}],"about":[{"href":"https:\/\/brandt.ind.br\/es\/wp-json\/wp\/v2\/types\/post"}],"author":[{"embeddable":true,"href":"https:\/\/brandt.ind.br\/es\/wp-json\/wp\/v2\/users\/1"}],"replies":[{"embeddable":true,"href":"https:\/\/brandt.ind.br\/es\/wp-json\/wp\/v2\/comments?post=2460"}],"version-history":[{"count":2,"href":"https:\/\/brandt.ind.br\/es\/wp-json\/wp\/v2\/posts\/2460\/revisions"}],"predecessor-version":[{"id":2780,"href":"https:\/\/brandt.ind.br\/es\/wp-json\/wp\/v2\/posts\/2460\/revisions\/2780"}],"wp:featuredmedia":[{"embeddable":true,"href":"https:\/\/brandt.ind.br\/es\/wp-json\/wp\/v2\/media\/2461"}],"wp:attachment":[{"href":"https:\/\/brandt.ind.br\/es\/wp-json\/wp\/v2\/media?parent=2460"}],"wp:term":[{"taxonomy":"category","embeddable":true,"href":"https:\/\/brandt.ind.br\/es\/wp-json\/wp\/v2\/categories?post=2460"},{"taxonomy":"post_tag","embeddable":true,"href":"https:\/\/brandt.ind.br\/es\/wp-json\/wp\/v2\/tags?post=2460"}],"curies":[{"name":"wp","href":"https:\/\/api.w.org\/{rel}","templated":true}]}}